{"id":7997,"date":"2019-08-20T12:02:40","date_gmt":"2019-08-20T10:02:40","guid":{"rendered":"https:\/\/www.agentur-kerstin.de\/?p=7997"},"modified":"2019-08-20T15:53:18","modified_gmt":"2019-08-20T13:53:18","slug":"felix-phoenix-lehmann-in-in-aller-freundschaft-die-jungenaerzte","status":"publish","type":"post","link":"https:\/\/www.agentur-kerstin.de\/de\/2019\/08\/felix-phoenix-lehmann-in-in-aller-freundschaft-die-jungenaerzte\/","title":{"rendered":"Felix Ph\u00f6nix Lehmann in: &#8222;In aller Freundschaft &#8211; Die jungen \u00c4rzte&#8220;"},"content":{"rendered":"<p>FELIX PH\u00d6NIX LEHMANN ist am n\u00e4chsten Donnerstag, den 22.8.2019 in der<br \/>\nEpisodenhauptrolle Tilman Klose um 18:50 in &#8222;In aller Freundschaft &#8211; Die jungen \u00c4rzte&#8220; zu sehen. <\/p>\n<p>Regie: Mattes Reischel <\/p>\n<p>Produktion: Saxonia Media<br \/>\nSender: ARD<br \/>\nCasting: Simone B\u00e4r &#038; Anna Slater<\/p>\n<p><a href=\"https:\/\/www.daserste.de\/unterhaltung\/serie\/in-aller-freundschaft-die-jungen-aerzte\/sendung\/geaenderte-vorzeichen-folge-189-100.html\" target=\"_blank\"><div id=\"attachment_8000\" style=\"width: 310px\" class=\"wp-caption alignnone\"><img loading=\"lazy\" decoding=\"async\" aria-describedby=\"caption-attachment-8000\" src=\"https:\/\/www.agentur-kerstin.de\/wp-content\/uploads\/2019\/08\/image001-300x169.jpg\" alt=\"Bild: ARD \/ Jens Ulrich Koch\" width=\"300\" height=\"169\" class=\"size-medium wp-image-8000\" srcset=\"https:\/\/www.agentur-kerstin.de\/wp-content\/uploads\/2019\/08\/image001-300x169.jpg 300w, https:\/\/www.agentur-kerstin.de\/wp-content\/uploads\/2019\/08\/image001-768x432.jpg 768w, https:\/\/www.agentur-kerstin.de\/wp-content\/uploads\/2019\/08\/image001-1000x563.jpg 1000w, https:\/\/www.agentur-kerstin.de\/wp-content\/uploads\/2019\/08\/image001-624x351.jpg 624w, https:\/\/www.agentur-kerstin.de\/wp-content\/uploads\/2019\/08\/image001.jpg 1280w\" sizes=\"(max-width: 300px) 100vw, 300px\" \/><p id=\"caption-attachment-8000\" class=\"wp-caption-text\">Bild: ARD \/ Jens Ulrich Koch<\/p><\/div><\/a><br \/>\nWeil seine Gesundheits-App ihm einen Herzinfarkt attestiert, kommt Tilman Klose v\u00f6llig au\u00dfer sich ins JTK. Matteo und Mikko nehmen Tilman Klose genauer unter die Lupe. <\/p>\n<p>ARD IN ALLER FREUNDSCHAFT &#8211; DIE JUNGEN \u00c4RZTE, jeden Donnerstag um 18:50 Uhr im ERSTEN.<br \/>\nMaking-of oder Arbeitssituation beim Dreh der Vorabendserie \u201eIn aller Freundschaft \u2013 Die jungen \u00c4rzte\u201c, die jeden Donnerstag um 18.50 Uhr im Ersten Deutschen Fernsehen ausgestrahlt wird.<br \/>\n\u00a9 ARD\/Jens Ulrich Koch<\/p>\n<!-- WP Attachments -->\r\n        <div style=\"width:100%;margin:10px 0 10px 0;\">\r\n            <h3>Attachments<\/h3>\r\n        <ul class=\"post-attachments\"><li class=\"post-attachment mime-image-jpeg\"><a href=\"https:\/\/www.agentur-kerstin.de\/wp-content\/uploads\/2019\/08\/image001.jpg\">image001<\/a> <small>(119 kB)<\/small><\/li><\/ul><\/div>","protected":false},"excerpt":{"rendered":"<p>FELIX PH\u00d6NIX LEHMANN ist am n\u00e4chsten Donnerstag, den 22.8.2019 in der Episodenhauptrolle Tilman Klose um 18:50 in &#8222;In aller Freundschaft &#8211; Die jungen \u00c4rzte&#8220; zu sehen. Regie: Mattes Reischel Produktion: Saxonia Media Sender: ARD Casting: Simone B\u00e4r &#038; Anna Slater Weil seine Gesundheits-App ihm einen Herzinfarkt attestiert, kommt Tilman Klose v\u00f6llig au\u00dfer sich ins JTK. [&hellip;]<\/p>\n","protected":false},"author":4,"featured_media":0,"comment_status":"closed","ping_status":"closed","sticky":false,"template":"","format":"standard","meta":{"_acf_changed":false,"footnotes":""},"categories":[1],"tags":[],"class_list":["post-7997","post","type-post","status-publish","format-standard","hentry","category-news"],"acf":[],"_links":{"self":[{"href":"https:\/\/www.agentur-kerstin.de\/de\/wp-json\/wp\/v2\/posts\/7997"}],"collection":[{"href":"https:\/\/www.agentur-kerstin.de\/de\/wp-json\/wp\/v2\/posts"}],"about":[{"href":"https:\/\/www.agentur-kerstin.de\/de\/wp-json\/wp\/v2\/types\/post"}],"author":[{"embeddable":true,"href":"https:\/\/www.agentur-kerstin.de\/de\/wp-json\/wp\/v2\/users\/4"}],"replies":[{"embeddable":true,"href":"https:\/\/www.agentur-kerstin.de\/de\/wp-json\/wp\/v2\/comments?post=7997"}],"version-history":[{"count":11,"href":"https:\/\/www.agentur-kerstin.de\/de\/wp-json\/wp\/v2\/posts\/7997\/revisions"}],"predecessor-version":[{"id":8009,"href":"https:\/\/www.agentur-kerstin.de\/de\/wp-json\/wp\/v2\/posts\/7997\/revisions\/8009"}],"wp:attachment":[{"href":"https:\/\/www.agentur-kerstin.de\/de\/wp-json\/wp\/v2\/media?parent=7997"}],"wp:term":[{"taxonomy":"category","embeddable":true,"href":"https:\/\/www.agentur-kerstin.de\/de\/wp-json\/wp\/v2\/categories?post=7997"},{"taxonomy":"post_tag","embeddable":true,"href":"https:\/\/www.agentur-kerstin.de\/de\/wp-json\/wp\/v2\/tags?post=7997"}],"curies":[{"name":"wp","href":"https:\/\/api.w.org\/{rel}","templated":true}]}}