{"id":21469,"date":"2026-04-29T18:12:25","date_gmt":"2026-04-29T16:12:25","guid":{"rendered":"https:\/\/www.agentur-kerstin.de\/?p=21469"},"modified":"2026-04-29T18:27:58","modified_gmt":"2026-04-29T16:27:58","slug":"carl-bruchhauser-soon-on-set","status":"publish","type":"post","link":"https:\/\/www.agentur-kerstin.de\/de\/2026\/04\/carl-bruchhauser-soon-on-set\/","title":{"rendered":"CARL BRUCHH\u00c4USER* Drehvorbereitungen"},"content":{"rendered":"<p><strong>EIN FALL F\u00dcR ZWEI<\/strong><br \/>\nRegie: Till M\u00fcller-Edenborn<br \/>\nRolle: Lukas Rothe (Episodenrolle)<br \/>\nCasting: Dorothee Weyers<br \/>\nProduktion: Odeon Fiction, ZDF<br \/>\nDrehbuch: Christin Burger<\/p>\n<p>Carl freut sich riesig \u00fcber die erneute Zusammenarbeit mit Regisseur Till M\u00fcller-Edenborn &amp; ein herzliches Dankesch\u00f6n geht an Dorothee Weyers f\u00fcr das Casting und an Christin Burger f\u00fcr die wirklich spannende Figur.<\/p>\n<p>&gt;&gt; <a href=\"https:\/\/www.agentur-kerstin.de\/de\/schauspieler\/carl-bruchhaeuser\/\">Carls Profil<\/a> &lt;&lt;<\/p>","protected":false},"excerpt":{"rendered":"<p>EIN FALL F\u00dcR ZWEI Regie: Till M\u00fcller-Edenborn Rolle: Lukas Rothe (Episodenrolle) Casting: Dorothee Weyers Produktion: Odeon Fiction, ZDF Drehbuch: Christin Burger Carl freut sich riesig \u00fcber die erneute Zusammenarbeit mit Regisseur Till M\u00fcller-Edenborn &amp; ein herzliches Dankesch\u00f6n geht an Dorothee Weyers f\u00fcr das Casting und an Christin Burger f\u00fcr die wirklich spannende Figur. &gt;&gt; Carls [&hellip;]<\/p>\n","protected":false},"author":88,"featured_media":21479,"comment_status":"closed","ping_status":"closed","sticky":false,"template":"","format":"standard","meta":{"_acf_changed":false,"footnotes":""},"categories":[1],"tags":[],"class_list":["post-21469","post","type-post","status-publish","format-standard","has-post-thumbnail","hentry","category-news"],"acf":[],"_links":{"self":[{"href":"https:\/\/www.agentur-kerstin.de\/de\/wp-json\/wp\/v2\/posts\/21469"}],"collection":[{"href":"https:\/\/www.agentur-kerstin.de\/de\/wp-json\/wp\/v2\/posts"}],"about":[{"href":"https:\/\/www.agentur-kerstin.de\/de\/wp-json\/wp\/v2\/types\/post"}],"author":[{"embeddable":true,"href":"https:\/\/www.agentur-kerstin.de\/de\/wp-json\/wp\/v2\/users\/88"}],"replies":[{"embeddable":true,"href":"https:\/\/www.agentur-kerstin.de\/de\/wp-json\/wp\/v2\/comments?post=21469"}],"version-history":[{"count":16,"href":"https:\/\/www.agentur-kerstin.de\/de\/wp-json\/wp\/v2\/posts\/21469\/revisions"}],"predecessor-version":[{"id":21486,"href":"https:\/\/www.agentur-kerstin.de\/de\/wp-json\/wp\/v2\/posts\/21469\/revisions\/21486"}],"wp:featuredmedia":[{"embeddable":true,"href":"https:\/\/www.agentur-kerstin.de\/de\/wp-json\/wp\/v2\/media\/21479"}],"wp:attachment":[{"href":"https:\/\/www.agentur-kerstin.de\/de\/wp-json\/wp\/v2\/media?parent=21469"}],"wp:term":[{"taxonomy":"category","embeddable":true,"href":"https:\/\/www.agentur-kerstin.de\/de\/wp-json\/wp\/v2\/categories?post=21469"},{"taxonomy":"post_tag","embeddable":true,"href":"https:\/\/www.agentur-kerstin.de\/de\/wp-json\/wp\/v2\/tags?post=21469"}],"curies":[{"name":"wp","href":"https:\/\/api.w.org\/{rel}","templated":true}]}}