{"id":20164,"date":"2025-08-29T05:49:39","date_gmt":"2025-08-29T03:49:39","guid":{"rendered":"https:\/\/www.agentur-kerstin.de\/?p=20164"},"modified":"2025-08-29T05:49:39","modified_gmt":"2025-08-29T03:49:39","slug":"peter-groning-grattis-pa-fodelsedagen","status":"publish","type":"post","link":"https:\/\/www.agentur-kerstin.de\/de\/2025\/08\/peter-groning-grattis-pa-fodelsedagen\/","title":{"rendered":"PETER GR\u00d6NING * Grattis p\u00e5 f\u00f6delsedagen!"},"content":{"rendered":"<p>Lieber Peter, von Herzen alles Gute f\u00fcr dich und dein neues Lebensjahr!<\/p>\n<p>Hier ein paar Lieblingssekunden aus deinem Showreel &gt; <a href=\"https:\/\/www.agentur-kerstin.de\/wp-content\/uploads\/2025\/08\/Favourite-Seconds-of-Peter-Groning-2025.mov\">Favourite Seconds of Peter Gr\u00f6ning 2025<\/a><\/p>\n<p>#THE L\u00d8RENSKOG DISAPPEARANCE<\/p>\n<p>***<\/p>\n<p>Hier geht&#8217;s zu Peters Profil: <a href=\"https:\/\/www.agentur-kerstin.de\/de\/schauspieler\/peter-groening\/\">https:\/\/www.agentur-kerstin.de\/de\/schauspieler\/peter-groening\/<\/a><\/p>","protected":false},"excerpt":{"rendered":"<p>Lieber Peter, von Herzen alles Gute f\u00fcr dich und dein neues Lebensjahr! Hier ein paar Lieblingssekunden aus deinem Showreel &gt; Favourite Seconds of Peter Gr\u00f6ning 2025 #THE L\u00d8RENSKOG DISAPPEARANCE *** Hier geht&#8217;s zu Peters Profil: https:\/\/www.agentur-kerstin.de\/de\/schauspieler\/peter-groening\/<\/p>\n","protected":false},"author":83,"featured_media":0,"comment_status":"closed","ping_status":"closed","sticky":false,"template":"","format":"standard","meta":{"_acf_changed":false,"footnotes":""},"categories":[1],"tags":[],"class_list":["post-20164","post","type-post","status-publish","format-standard","hentry","category-news"],"acf":[],"_links":{"self":[{"href":"https:\/\/www.agentur-kerstin.de\/de\/wp-json\/wp\/v2\/posts\/20164"}],"collection":[{"href":"https:\/\/www.agentur-kerstin.de\/de\/wp-json\/wp\/v2\/posts"}],"about":[{"href":"https:\/\/www.agentur-kerstin.de\/de\/wp-json\/wp\/v2\/types\/post"}],"author":[{"embeddable":true,"href":"https:\/\/www.agentur-kerstin.de\/de\/wp-json\/wp\/v2\/users\/83"}],"replies":[{"embeddable":true,"href":"https:\/\/www.agentur-kerstin.de\/de\/wp-json\/wp\/v2\/comments?post=20164"}],"version-history":[{"count":3,"href":"https:\/\/www.agentur-kerstin.de\/de\/wp-json\/wp\/v2\/posts\/20164\/revisions"}],"predecessor-version":[{"id":20168,"href":"https:\/\/www.agentur-kerstin.de\/de\/wp-json\/wp\/v2\/posts\/20164\/revisions\/20168"}],"wp:attachment":[{"href":"https:\/\/www.agentur-kerstin.de\/de\/wp-json\/wp\/v2\/media?parent=20164"}],"wp:term":[{"taxonomy":"category","embeddable":true,"href":"https:\/\/www.agentur-kerstin.de\/de\/wp-json\/wp\/v2\/categories?post=20164"},{"taxonomy":"post_tag","embeddable":true,"href":"https:\/\/www.agentur-kerstin.de\/de\/wp-json\/wp\/v2\/tags?post=20164"}],"curies":[{"name":"wp","href":"https:\/\/api.w.org\/{rel}","templated":true}]}}