{"id":20157,"date":"2025-08-27T20:52:39","date_gmt":"2025-08-27T18:52:39","guid":{"rendered":"https:\/\/www.agentur-kerstin.de\/?p=20157"},"modified":"2025-08-27T20:52:39","modified_gmt":"2025-08-27T18:52:39","slug":"sabine-osthoff-21nd-festival-of-german-film","status":"publish","type":"post","link":"https:\/\/www.agentur-kerstin.de\/de\/2025\/08\/sabine-osthoff-21nd-festival-of-german-film\/","title":{"rendered":"SABINE OSTHOFF * 21. Festival des Deutschen Films!"},"content":{"rendered":"<p>Hier die noch anstehenden Termine:<\/p>\n<p><strong>Do 28. Aug. 20.45 Uhr Freiluftkino<\/strong><br \/>\n<strong>So 31. Aug. 20.30 Uhr Zeltkino B<\/strong><br \/>\n<strong>So 07. Sept. 18.15 Uhr Freiluftkino<\/strong><\/p>\n<p>Der Link zu Veranstaltung: <a href=\"https:\/\/www.festival-des-deutschen-films.de\/filme\/ber%C3%BChmt-sein-f%C3%BCr-anf%C3%A4nger\">https:\/\/www.festival-des-deutschen-films.de\/filme\/ber%C3%BChmt-sein-f%C3%BCr-anf%C3%A4nger<\/a><\/p>\n<p><strong>BER\u00dcHMT SEIN F\u00dcR ANF\u00c4NGER\u00a0<\/strong><br \/>\nRegie: Stefan B\u00fchling<br \/>\nProduktion: 307 production<br \/>\nRedaktion: ARD Degeto Film GmbH, Stefan Kruppa, Christoph Pellander<br \/>\nCasting: Marc Sch\u00f6tteldreier<\/p>\n<p>***<\/p>\n<p>Hier geht&#8217;s zu Sabines Profil: <a href=\"https:\/\/www.agentur-kerstin.de\/de\/schauspieler\/sabine-osthoff\/\">https:\/\/www.agentur-kerstin.de\/de\/schauspieler\/sabine-osthoff\/<\/a><\/p>","protected":false},"excerpt":{"rendered":"<p>Hier die noch anstehenden Termine: Do 28. Aug. 20.45 Uhr Freiluftkino So 31. Aug. 20.30 Uhr Zeltkino B So 07. Sept. 18.15 Uhr Freiluftkino Der Link zu Veranstaltung: https:\/\/www.festival-des-deutschen-films.de\/filme\/ber%C3%BChmt-sein-f%C3%BCr-anf%C3%A4nger BER\u00dcHMT SEIN F\u00dcR ANF\u00c4NGER\u00a0 Regie: Stefan B\u00fchling Produktion: 307 production Redaktion: ARD Degeto Film GmbH, Stefan Kruppa, Christoph Pellander Casting: Marc Sch\u00f6tteldreier *** Hier geht&#8217;s zu [&hellip;]<\/p>\n","protected":false},"author":83,"featured_media":13871,"comment_status":"closed","ping_status":"closed","sticky":false,"template":"","format":"standard","meta":{"_acf_changed":false,"footnotes":""},"categories":[1],"tags":[],"class_list":["post-20157","post","type-post","status-publish","format-standard","has-post-thumbnail","hentry","category-news"],"acf":[],"_links":{"self":[{"href":"https:\/\/www.agentur-kerstin.de\/de\/wp-json\/wp\/v2\/posts\/20157"}],"collection":[{"href":"https:\/\/www.agentur-kerstin.de\/de\/wp-json\/wp\/v2\/posts"}],"about":[{"href":"https:\/\/www.agentur-kerstin.de\/de\/wp-json\/wp\/v2\/types\/post"}],"author":[{"embeddable":true,"href":"https:\/\/www.agentur-kerstin.de\/de\/wp-json\/wp\/v2\/users\/83"}],"replies":[{"embeddable":true,"href":"https:\/\/www.agentur-kerstin.de\/de\/wp-json\/wp\/v2\/comments?post=20157"}],"version-history":[{"count":1,"href":"https:\/\/www.agentur-kerstin.de\/de\/wp-json\/wp\/v2\/posts\/20157\/revisions"}],"predecessor-version":[{"id":20158,"href":"https:\/\/www.agentur-kerstin.de\/de\/wp-json\/wp\/v2\/posts\/20157\/revisions\/20158"}],"wp:featuredmedia":[{"embeddable":true,"href":"https:\/\/www.agentur-kerstin.de\/de\/wp-json\/wp\/v2\/media\/13871"}],"wp:attachment":[{"href":"https:\/\/www.agentur-kerstin.de\/de\/wp-json\/wp\/v2\/media?parent=20157"}],"wp:term":[{"taxonomy":"category","embeddable":true,"href":"https:\/\/www.agentur-kerstin.de\/de\/wp-json\/wp\/v2\/categories?post=20157"},{"taxonomy":"post_tag","embeddable":true,"href":"https:\/\/www.agentur-kerstin.de\/de\/wp-json\/wp\/v2\/tags?post=20157"}],"curies":[{"name":"wp","href":"https:\/\/api.w.org\/{rel}","templated":true}]}}