{"id":16729,"date":"2024-02-14T12:41:00","date_gmt":"2024-02-14T11:41:00","guid":{"rendered":"https:\/\/www.agentur-kerstin.de\/?p=16729"},"modified":"2024-02-14T12:41:00","modified_gmt":"2024-02-14T11:41:00","slug":"marie-paulina-schendel-on-stage","status":"publish","type":"post","link":"https:\/\/www.agentur-kerstin.de\/de\/2024\/02\/marie-paulina-schendel-on-stage\/","title":{"rendered":"MARIE-PAULINA SCHENDEL * auf der B\u00fchne!"},"content":{"rendered":"<p>Regie f\u00fchrte hier: Jakob Arnold<\/p>\n<p>Die Premiere fand, wie bereits erw\u00e4hnt, bereits statt; und zwar am 10.02.24.<\/p>\n<p>Kommenden Freitag, 16.02.24 geht es bereits mit der n\u00e4chsten Vorstellung weiter!<\/p>\n<p>Tickets k\u00f6nnt ihr euch unter dem folgenden Link sichern:<\/p>\n<p><a href=\"https:\/\/www.theater-lueneburg.de\/stuecke\/antigone\/\" target=\"_blank\" rel=\"noopener noreferrer\">https:\/\/www.theater-lueneburg.de\/stuecke\/antigone\/<\/a><\/p>\n<p><div id=\"attachment_16732\" style=\"width: 635px\" class=\"wp-caption alignnone\"><img loading=\"lazy\" decoding=\"async\" aria-describedby=\"caption-attachment-16732\" class=\"wp-image-16732 size-large\" src=\"https:\/\/www.agentur-kerstin.de\/wp-content\/uploads\/2024\/02\/IMG_7257-1000x1000.jpeg\" alt=\"\" width=\"625\" height=\"625\" srcset=\"https:\/\/www.agentur-kerstin.de\/wp-content\/uploads\/2024\/02\/IMG_7257-1000x1000.jpeg 1000w, https:\/\/www.agentur-kerstin.de\/wp-content\/uploads\/2024\/02\/IMG_7257-300x300.jpeg 300w, https:\/\/www.agentur-kerstin.de\/wp-content\/uploads\/2024\/02\/IMG_7257-100x100.jpeg 100w, https:\/\/www.agentur-kerstin.de\/wp-content\/uploads\/2024\/02\/IMG_7257-768x768.jpeg 768w, https:\/\/www.agentur-kerstin.de\/wp-content\/uploads\/2024\/02\/IMG_7257-200x200.jpeg 200w, https:\/\/www.agentur-kerstin.de\/wp-content\/uploads\/2024\/02\/IMG_7257-624x624.jpeg 624w, https:\/\/www.agentur-kerstin.de\/wp-content\/uploads\/2024\/02\/IMG_7257.jpeg 1458w\" sizes=\"(max-width: 625px) 100vw, 625px\" \/><p id=\"caption-attachment-16732\" class=\"wp-caption-text\">Produktionsbild zum Probenstart #AllRightsReserved<\/p><\/div><\/p>","protected":false},"excerpt":{"rendered":"<p>Regie f\u00fchrte hier: Jakob Arnold Die Premiere fand, wie bereits erw\u00e4hnt, bereits statt; und zwar am 10.02.24. Kommenden Freitag, 16.02.24 geht es bereits mit der n\u00e4chsten Vorstellung weiter! Tickets k\u00f6nnt ihr euch unter dem folgenden Link sichern: https:\/\/www.theater-lueneburg.de\/stuecke\/antigone\/<\/p>\n","protected":false},"author":76,"featured_media":16743,"comment_status":"closed","ping_status":"closed","sticky":false,"template":"","format":"standard","meta":{"_acf_changed":false,"footnotes":""},"categories":[1],"tags":[],"class_list":["post-16729","post","type-post","status-publish","format-standard","has-post-thumbnail","hentry","category-news"],"acf":[],"_links":{"self":[{"href":"https:\/\/www.agentur-kerstin.de\/de\/wp-json\/wp\/v2\/posts\/16729"}],"collection":[{"href":"https:\/\/www.agentur-kerstin.de\/de\/wp-json\/wp\/v2\/posts"}],"about":[{"href":"https:\/\/www.agentur-kerstin.de\/de\/wp-json\/wp\/v2\/types\/post"}],"author":[{"embeddable":true,"href":"https:\/\/www.agentur-kerstin.de\/de\/wp-json\/wp\/v2\/users\/76"}],"replies":[{"embeddable":true,"href":"https:\/\/www.agentur-kerstin.de\/de\/wp-json\/wp\/v2\/comments?post=16729"}],"version-history":[{"count":5,"href":"https:\/\/www.agentur-kerstin.de\/de\/wp-json\/wp\/v2\/posts\/16729\/revisions"}],"predecessor-version":[{"id":16745,"href":"https:\/\/www.agentur-kerstin.de\/de\/wp-json\/wp\/v2\/posts\/16729\/revisions\/16745"}],"wp:featuredmedia":[{"embeddable":true,"href":"https:\/\/www.agentur-kerstin.de\/de\/wp-json\/wp\/v2\/media\/16743"}],"wp:attachment":[{"href":"https:\/\/www.agentur-kerstin.de\/de\/wp-json\/wp\/v2\/media?parent=16729"}],"wp:term":[{"taxonomy":"category","embeddable":true,"href":"https:\/\/www.agentur-kerstin.de\/de\/wp-json\/wp\/v2\/categories?post=16729"},{"taxonomy":"post_tag","embeddable":true,"href":"https:\/\/www.agentur-kerstin.de\/de\/wp-json\/wp\/v2\/tags?post=16729"}],"curies":[{"name":"wp","href":"https:\/\/api.w.org\/{rel}","templated":true}]}}