{"id":16677,"date":"2024-02-12T15:46:41","date_gmt":"2024-02-12T14:46:41","guid":{"rendered":"https:\/\/www.agentur-kerstin.de\/?p=16677"},"modified":"2024-02-12T15:46:41","modified_gmt":"2024-02-12T14:46:41","slug":"hanna-ullerstam-on-tv-2","status":"publish","type":"post","link":"https:\/\/www.agentur-kerstin.de\/de\/2024\/02\/hanna-ullerstam-on-tv-2\/","title":{"rendered":"HANNA ULLERSTAM * Sendehinweis!"},"content":{"rendered":"<p>Hanna \u00fcbernimmt hier die Rolle der Hillevi.<\/p>\n\n\t\t<style type=\"text\/css\">\n\t\t\t#gallery-1 {\n\t\t\t\tmargin: auto;\n\t\t\t}\n\t\t\t#gallery-1 .gallery-item {\n\t\t\t\tfloat: left;\n\t\t\t\tmargin-top: 10px;\n\t\t\t\ttext-align: center;\n\t\t\t\twidth: 33%;\n\t\t\t}\n\t\t\t#gallery-1 img {\n\t\t\t\tborder: 2px solid #cfcfcf;\n\t\t\t}\n\t\t\t#gallery-1 .gallery-caption {\n\t\t\t\tmargin-left: 0;\n\t\t\t}\n\t\t\t\/* see gallery_shortcode() in wp-includes\/media.php *\/\n\t\t<\/style>\n\t\t<div id='gallery-1' class='gallery galleryid-16677 gallery-columns-3 gallery-size-thumbnail'><dl class='gallery-item'>\n\t\t\t<dt class='gallery-icon landscape'>\n\t\t\t\t<a href='https:\/\/www.agentur-kerstin.de\/de\/image2-2\/'><img loading=\"lazy\" decoding=\"async\" width=\"100\" height=\"100\" src=\"https:\/\/www.agentur-kerstin.de\/wp-content\/uploads\/2024\/02\/image2-100x100.jpeg\" class=\"attachment-thumbnail size-thumbnail\" alt=\"\" aria-describedby=\"gallery-1-16688\" srcset=\"https:\/\/www.agentur-kerstin.de\/wp-content\/uploads\/2024\/02\/image2-100x100.jpeg 100w, https:\/\/www.agentur-kerstin.de\/wp-content\/uploads\/2024\/02\/image2-200x200.jpeg 200w\" sizes=\"(max-width: 100px) 100vw, 100px\" \/><\/a>\n\t\t\t<\/dt>\n\t\t\t\t<dd class='wp-caption-text gallery-caption' id='gallery-1-16688'>\n\t\t\t\tAllRightsReserved\n\t\t\t\t<\/dd><\/dl><dl class='gallery-item'>\n\t\t\t<dt class='gallery-icon landscape'>\n\t\t\t\t<a href='https:\/\/www.agentur-kerstin.de\/de\/image10\/'><img loading=\"lazy\" decoding=\"async\" width=\"100\" height=\"100\" src=\"https:\/\/www.agentur-kerstin.de\/wp-content\/uploads\/2024\/02\/image10-100x100.jpeg\" class=\"attachment-thumbnail size-thumbnail\" alt=\"\" aria-describedby=\"gallery-1-16689\" srcset=\"https:\/\/www.agentur-kerstin.de\/wp-content\/uploads\/2024\/02\/image10-100x100.jpeg 100w, https:\/\/www.agentur-kerstin.de\/wp-content\/uploads\/2024\/02\/image10-200x200.jpeg 200w\" sizes=\"(max-width: 100px) 100vw, 100px\" \/><\/a>\n\t\t\t<\/dt>\n\t\t\t\t<dd class='wp-caption-text gallery-caption' id='gallery-1-16689'>\n\t\t\t\tAllRightsReserved\n\t\t\t\t<\/dd><\/dl><dl class='gallery-item'>\n\t\t\t<dt class='gallery-icon landscape'>\n\t\t\t\t<a href='https:\/\/www.agentur-kerstin.de\/de\/image3-2\/'><img loading=\"lazy\" decoding=\"async\" width=\"100\" height=\"100\" src=\"https:\/\/www.agentur-kerstin.de\/wp-content\/uploads\/2024\/02\/image3-100x100.jpeg\" class=\"attachment-thumbnail size-thumbnail\" alt=\"\" aria-describedby=\"gallery-1-16687\" srcset=\"https:\/\/www.agentur-kerstin.de\/wp-content\/uploads\/2024\/02\/image3-100x100.jpeg 100w, https:\/\/www.agentur-kerstin.de\/wp-content\/uploads\/2024\/02\/image3-200x200.jpeg 200w\" sizes=\"(max-width: 100px) 100vw, 100px\" \/><\/a>\n\t\t\t<\/dt>\n\t\t\t\t<dd class='wp-caption-text gallery-caption' id='gallery-1-16687'>\n\t\t\t\tAllRightsReserved\n\t\t\t\t<\/dd><\/dl><br style=\"clear: both\" \/>\n\t\t<\/div>\n\n<p>Hier geht es direkt zu den Folgen:<\/p>\n<p><a href=\"https:\/\/www.zdf.de\/serien\/iris-die-wahrheit\" target=\"_blank\" rel=\"noopener noreferrer\">Link zu IRIS &#8211; DIE WAHRHEIT<\/a><\/p>\n<p>Regie: Linn\u00e9a Roxeheim<\/p>\n<p>Drehbuch: Camilla Ahlgren, Alex Haridi, Martin Asphaug<\/p>\n<p>Kamera: Andr\u00e9as Lennartsson<\/p>\n<p>&nbsp;<\/p>\n<p>&nbsp;<\/p>\n<p>&nbsp;<\/p>\n<p>&nbsp;<\/p>","protected":false},"excerpt":{"rendered":"<p>Hanna \u00fcbernimmt hier die Rolle der Hillevi. Hier geht es direkt zu den Folgen: Link zu IRIS &#8211; DIE WAHRHEIT Regie: Linn\u00e9a Roxeheim Drehbuch: Camilla Ahlgren, Alex Haridi, Martin Asphaug Kamera: Andr\u00e9as Lennartsson &nbsp; &nbsp; &nbsp; &nbsp;<\/p>\n","protected":false},"author":76,"featured_media":0,"comment_status":"closed","ping_status":"closed","sticky":false,"template":"","format":"standard","meta":{"_acf_changed":false,"footnotes":""},"categories":[1],"tags":[],"class_list":["post-16677","post","type-post","status-publish","format-standard","hentry","category-news"],"acf":[],"_links":{"self":[{"href":"https:\/\/www.agentur-kerstin.de\/de\/wp-json\/wp\/v2\/posts\/16677"}],"collection":[{"href":"https:\/\/www.agentur-kerstin.de\/de\/wp-json\/wp\/v2\/posts"}],"about":[{"href":"https:\/\/www.agentur-kerstin.de\/de\/wp-json\/wp\/v2\/types\/post"}],"author":[{"embeddable":true,"href":"https:\/\/www.agentur-kerstin.de\/de\/wp-json\/wp\/v2\/users\/76"}],"replies":[{"embeddable":true,"href":"https:\/\/www.agentur-kerstin.de\/de\/wp-json\/wp\/v2\/comments?post=16677"}],"version-history":[{"count":6,"href":"https:\/\/www.agentur-kerstin.de\/de\/wp-json\/wp\/v2\/posts\/16677\/revisions"}],"predecessor-version":[{"id":16694,"href":"https:\/\/www.agentur-kerstin.de\/de\/wp-json\/wp\/v2\/posts\/16677\/revisions\/16694"}],"wp:attachment":[{"href":"https:\/\/www.agentur-kerstin.de\/de\/wp-json\/wp\/v2\/media?parent=16677"}],"wp:term":[{"taxonomy":"category","embeddable":true,"href":"https:\/\/www.agentur-kerstin.de\/de\/wp-json\/wp\/v2\/categories?post=16677"},{"taxonomy":"post_tag","embeddable":true,"href":"https:\/\/www.agentur-kerstin.de\/de\/wp-json\/wp\/v2\/tags?post=16677"}],"curies":[{"name":"wp","href":"https:\/\/api.w.org\/{rel}","templated":true}]}}