{"id":16238,"date":"2023-12-19T18:13:53","date_gmt":"2023-12-19T17:13:53","guid":{"rendered":"https:\/\/www.agentur-kerstin.de\/?p=16238"},"modified":"2023-12-19T18:13:53","modified_gmt":"2023-12-19T17:13:53","slug":"kalle-perlmutter-on-tv","status":"publish","type":"post","link":"https:\/\/www.agentur-kerstin.de\/de\/2023\/12\/kalle-perlmutter-on-tv\/","title":{"rendered":"KALLE PERLMUTTER on TV"},"content":{"rendered":"<p>Ihr wollt noch mehr zu dieser Drama-Doku erfahren?<\/p>\n<p>Dann klickt euch doch am besten gleich durch alle drei Episoden auf DR2:<\/p>\n<p><a href=\"https:\/\/www.dr.dk\/drtv\/serie\/saddams-danske-gidsler_421448\" target=\"_blank\" rel=\"noopener noreferrer\">Link zu Saddams danske gidsler<\/a><\/p>\n<p>Produziert von: Yes Yes Pictures<\/p>\n<p>Regie f\u00fchrte: Michelle Francati<\/p>\n<p>*****<\/p>\n<p>Au\u00dferdem k\u00f6nnt ihr Kalle nach wie vor auch in THEN YOU RUN sehen, und zwar \u00fcber VIAPLAY!<\/p>","protected":false},"excerpt":{"rendered":"<p>Ihr wollt noch mehr zu dieser Drama-Doku erfahren? Dann klickt euch doch am besten gleich durch alle drei Episoden auf DR2: Link zu Saddams danske gidsler Produziert von: Yes Yes Pictures Regie f\u00fchrte: Michelle Francati ***** Au\u00dferdem k\u00f6nnt ihr Kalle nach wie vor auch in THEN YOU RUN sehen, und zwar \u00fcber VIAPLAY!<\/p>\n","protected":false},"author":76,"featured_media":15980,"comment_status":"closed","ping_status":"closed","sticky":false,"template":"","format":"standard","meta":{"_acf_changed":false,"footnotes":""},"categories":[1],"tags":[],"class_list":["post-16238","post","type-post","status-publish","format-standard","has-post-thumbnail","hentry","category-news"],"acf":[],"_links":{"self":[{"href":"https:\/\/www.agentur-kerstin.de\/de\/wp-json\/wp\/v2\/posts\/16238"}],"collection":[{"href":"https:\/\/www.agentur-kerstin.de\/de\/wp-json\/wp\/v2\/posts"}],"about":[{"href":"https:\/\/www.agentur-kerstin.de\/de\/wp-json\/wp\/v2\/types\/post"}],"author":[{"embeddable":true,"href":"https:\/\/www.agentur-kerstin.de\/de\/wp-json\/wp\/v2\/users\/76"}],"replies":[{"embeddable":true,"href":"https:\/\/www.agentur-kerstin.de\/de\/wp-json\/wp\/v2\/comments?post=16238"}],"version-history":[{"count":4,"href":"https:\/\/www.agentur-kerstin.de\/de\/wp-json\/wp\/v2\/posts\/16238\/revisions"}],"predecessor-version":[{"id":16242,"href":"https:\/\/www.agentur-kerstin.de\/de\/wp-json\/wp\/v2\/posts\/16238\/revisions\/16242"}],"wp:featuredmedia":[{"embeddable":true,"href":"https:\/\/www.agentur-kerstin.de\/de\/wp-json\/wp\/v2\/media\/15980"}],"wp:attachment":[{"href":"https:\/\/www.agentur-kerstin.de\/de\/wp-json\/wp\/v2\/media?parent=16238"}],"wp:term":[{"taxonomy":"category","embeddable":true,"href":"https:\/\/www.agentur-kerstin.de\/de\/wp-json\/wp\/v2\/categories?post=16238"},{"taxonomy":"post_tag","embeddable":true,"href":"https:\/\/www.agentur-kerstin.de\/de\/wp-json\/wp\/v2\/tags?post=16238"}],"curies":[{"name":"wp","href":"https:\/\/api.w.org\/{rel}","templated":true}]}}