{"id":16025,"date":"2023-11-08T18:53:03","date_gmt":"2023-11-08T17:53:03","guid":{"rendered":"https:\/\/www.agentur-kerstin.de\/?p=16025"},"modified":"2023-11-08T18:53:03","modified_gmt":"2023-11-08T17:53:03","slug":"carl-bruchhaeuser-on-stage","status":"publish","type":"post","link":"https:\/\/www.agentur-kerstin.de\/de\/2023\/11\/carl-bruchhaeuser-on-stage\/","title":{"rendered":"CARL BRUCHH\u00c4USER on stage!"},"content":{"rendered":"<p>Er \u00fcbernimmt in dem Shakespeare St\u00fcck die Rolle Jaques.<\/p>\n<p>Regie f\u00fchrt <a class=\"has-icon has-icon--right has-icon--s\" title=\"Dedi Baron\" href=\"https:\/\/theater-kr-mg.de\/ensemble\/dedi-baron\/\">Dedi Baron .<\/a><\/p>\n<p>Tickets k\u00f6nnt ihr euch auf der Website des Theater sichern via:<\/p>\n<p><a href=\"https:\/\/theater-kr-mg.de\/spielplan\/wie-es-euch-gefaellt\/\" target=\"_blank\" rel=\"noopener noreferrer\">Theater Krefeld &#8211; Wie es euch gef\u00e4llt<\/a><\/p>\n<p>&nbsp;<\/p>","protected":false},"excerpt":{"rendered":"<p>Er \u00fcbernimmt in dem Shakespeare St\u00fcck die Rolle Jaques. Regie f\u00fchrt Dedi Baron . Tickets k\u00f6nnt ihr euch auf der Website des Theater sichern via: Theater Krefeld &#8211; Wie es euch gef\u00e4llt &nbsp;<\/p>\n","protected":false},"author":76,"featured_media":16026,"comment_status":"closed","ping_status":"closed","sticky":false,"template":"","format":"standard","meta":{"_acf_changed":false,"footnotes":""},"categories":[1],"tags":[],"class_list":["post-16025","post","type-post","status-publish","format-standard","has-post-thumbnail","hentry","category-news"],"acf":[],"_links":{"self":[{"href":"https:\/\/www.agentur-kerstin.de\/de\/wp-json\/wp\/v2\/posts\/16025"}],"collection":[{"href":"https:\/\/www.agentur-kerstin.de\/de\/wp-json\/wp\/v2\/posts"}],"about":[{"href":"https:\/\/www.agentur-kerstin.de\/de\/wp-json\/wp\/v2\/types\/post"}],"author":[{"embeddable":true,"href":"https:\/\/www.agentur-kerstin.de\/de\/wp-json\/wp\/v2\/users\/76"}],"replies":[{"embeddable":true,"href":"https:\/\/www.agentur-kerstin.de\/de\/wp-json\/wp\/v2\/comments?post=16025"}],"version-history":[{"count":2,"href":"https:\/\/www.agentur-kerstin.de\/de\/wp-json\/wp\/v2\/posts\/16025\/revisions"}],"predecessor-version":[{"id":16029,"href":"https:\/\/www.agentur-kerstin.de\/de\/wp-json\/wp\/v2\/posts\/16025\/revisions\/16029"}],"wp:featuredmedia":[{"embeddable":true,"href":"https:\/\/www.agentur-kerstin.de\/de\/wp-json\/wp\/v2\/media\/16026"}],"wp:attachment":[{"href":"https:\/\/www.agentur-kerstin.de\/de\/wp-json\/wp\/v2\/media?parent=16025"}],"wp:term":[{"taxonomy":"category","embeddable":true,"href":"https:\/\/www.agentur-kerstin.de\/de\/wp-json\/wp\/v2\/categories?post=16025"},{"taxonomy":"post_tag","embeddable":true,"href":"https:\/\/www.agentur-kerstin.de\/de\/wp-json\/wp\/v2\/tags?post=16025"}],"curies":[{"name":"wp","href":"https:\/\/api.w.org\/{rel}","templated":true}]}}