{"id":15891,"date":"2023-10-15T11:31:05","date_gmt":"2023-10-15T09:31:05","guid":{"rendered":"https:\/\/www.agentur-kerstin.de\/?p=15891"},"modified":"2023-10-15T11:37:03","modified_gmt":"2023-10-15T09:37:03","slug":"hanna-ullerstam-on-tv","status":"publish","type":"post","link":"https:\/\/www.agentur-kerstin.de\/de\/2023\/10\/hanna-ullerstam-on-tv\/","title":{"rendered":"HANNA ULLERSTAM on TV!"},"content":{"rendered":"<p>Das klingt doch nach der perfekten Herbstwetter-Besch\u00e4ftigung!<\/p>\n<p>Hier ein paar Impressionen der Dreharbeiten:<\/p>\n\n\t\t<style type=\"text\/css\">\n\t\t\t#gallery-1 {\n\t\t\t\tmargin: auto;\n\t\t\t}\n\t\t\t#gallery-1 .gallery-item {\n\t\t\t\tfloat: left;\n\t\t\t\tmargin-top: 10px;\n\t\t\t\ttext-align: center;\n\t\t\t\twidth: 33%;\n\t\t\t}\n\t\t\t#gallery-1 img {\n\t\t\t\tborder: 2px solid #cfcfcf;\n\t\t\t}\n\t\t\t#gallery-1 .gallery-caption {\n\t\t\t\tmargin-left: 0;\n\t\t\t}\n\t\t\t\/* see gallery_shortcode() in wp-includes\/media.php *\/\n\t\t<\/style>\n\t\t<div id='gallery-1' class='gallery galleryid-15891 gallery-columns-3 gallery-size-thumbnail'><dl class='gallery-item'>\n\t\t\t<dt class='gallery-icon landscape'>\n\t\t\t\t<a href='https:\/\/www.agentur-kerstin.de\/de\/image3\/'><img loading=\"lazy\" decoding=\"async\" width=\"100\" height=\"100\" src=\"https:\/\/www.agentur-kerstin.de\/wp-content\/uploads\/2023\/10\/image3-1-100x100.jpeg\" class=\"attachment-thumbnail size-thumbnail\" alt=\"\" aria-describedby=\"gallery-1-15904\" srcset=\"https:\/\/www.agentur-kerstin.de\/wp-content\/uploads\/2023\/10\/image3-1-100x100.jpeg 100w, https:\/\/www.agentur-kerstin.de\/wp-content\/uploads\/2023\/10\/image3-1-200x200.jpeg 200w\" sizes=\"(max-width: 100px) 100vw, 100px\" \/><\/a>\n\t\t\t<\/dt>\n\t\t\t\t<dd class='wp-caption-text gallery-caption' id='gallery-1-15904'>\n\t\t\t\tall rights reserved\n\t\t\t\t<\/dd><\/dl><dl class='gallery-item'>\n\t\t\t<dt class='gallery-icon landscape'>\n\t\t\t\t<a href='https:\/\/www.agentur-kerstin.de\/de\/image1\/'><img loading=\"lazy\" decoding=\"async\" width=\"100\" height=\"100\" src=\"https:\/\/www.agentur-kerstin.de\/wp-content\/uploads\/2023\/10\/image1-1-100x100.jpeg\" class=\"attachment-thumbnail size-thumbnail\" alt=\"\" aria-describedby=\"gallery-1-15905\" srcset=\"https:\/\/www.agentur-kerstin.de\/wp-content\/uploads\/2023\/10\/image1-1-100x100.jpeg 100w, https:\/\/www.agentur-kerstin.de\/wp-content\/uploads\/2023\/10\/image1-1-200x200.jpeg 200w\" sizes=\"(max-width: 100px) 100vw, 100px\" \/><\/a>\n\t\t\t<\/dt>\n\t\t\t\t<dd class='wp-caption-text gallery-caption' id='gallery-1-15905'>\n\t\t\t\tall rights reserved\n\t\t\t\t<\/dd><\/dl><dl class='gallery-item'>\n\t\t\t<dt class='gallery-icon landscape'>\n\t\t\t\t<a href='https:\/\/www.agentur-kerstin.de\/de\/image2\/'><img loading=\"lazy\" decoding=\"async\" width=\"100\" height=\"100\" src=\"https:\/\/www.agentur-kerstin.de\/wp-content\/uploads\/2023\/10\/image2-1-100x100.jpeg\" class=\"attachment-thumbnail size-thumbnail\" alt=\"\" aria-describedby=\"gallery-1-15903\" srcset=\"https:\/\/www.agentur-kerstin.de\/wp-content\/uploads\/2023\/10\/image2-1-100x100.jpeg 100w, https:\/\/www.agentur-kerstin.de\/wp-content\/uploads\/2023\/10\/image2-1-200x200.jpeg 200w\" sizes=\"(max-width: 100px) 100vw, 100px\" \/><\/a>\n\t\t\t<\/dt>\n\t\t\t\t<dd class='wp-caption-text gallery-caption' id='gallery-1-15903'>\n\t\t\t\tall rights reserved\n\t\t\t\t<\/dd><\/dl><br style=\"clear: both\" \/>\n\t\t<\/div>\n\n<p>Regie: <span class=\"cu-ui-utility-member-name \"><a class=\"\" href=\"https:\/\/www.crew-united.com\/de\/Zaida-Bergroth_158717.html\">Zaida Bergroth <\/a><\/span>| <span class=\"cu-ui-utility-member-name \"><a class=\"\" href=\"https:\/\/www.crew-united.com\/de\/Patrik-Gyllstroem_685468.html\" target=\"_blank\" rel=\"noopener noreferrer\">Patrik Gyllstr\u00f6m<\/a><\/span><\/p>\n<p>Produktion: <span class=\"cu-ui-utility-member-name \"><a class=\"\" href=\"https:\/\/www.crew-united.com\/de\/B-Reel-Films-BRF-se-us-uk_359194.html\" target=\"_blank\" rel=\"noopener noreferrer\">B-Reel Films (BRF)<\/a><\/span><\/p>\n<p>Casting: <span class=\"cu-ui-utility-member-name \"><a class=\"\" href=\"https:\/\/www.crew-united.com\/de\/Simon-Borka-Gunnarsson_738880.html\" target=\"_blank\" rel=\"noopener noreferrer\">Simon Borka Gunnarsson<\/a><\/span><\/p>\n<p>Die gesamte Staffel der Serie k\u00f6nnt ihr seit heute in der ZDF Mediathek abrufen, und zwar unter:<\/p>\n<p><a href=\"https:\/\/www.zdf.de\/serien\/detective-no-24\" target=\"_blank\" rel=\"noopener noreferrer\">http:\/\/Detective No. 24 in der Mediathek<\/a><\/p>\n<p>&nbsp;<\/p>","protected":false},"excerpt":{"rendered":"<p>Das klingt doch nach der perfekten Herbstwetter-Besch\u00e4ftigung! Hier ein paar Impressionen der Dreharbeiten: Regie: Zaida Bergroth | Patrik Gyllstr\u00f6m Produktion: B-Reel Films (BRF) Casting: Simon Borka Gunnarsson Die gesamte Staffel der Serie k\u00f6nnt ihr seit heute in der ZDF Mediathek abrufen, und zwar unter: http:\/\/Detective No. 24 in der Mediathek &nbsp;<\/p>\n","protected":false},"author":76,"featured_media":0,"comment_status":"closed","ping_status":"closed","sticky":false,"template":"","format":"standard","meta":{"_acf_changed":false,"footnotes":""},"categories":[1],"tags":[],"class_list":["post-15891","post","type-post","status-publish","format-standard","hentry","category-news"],"acf":[],"_links":{"self":[{"href":"https:\/\/www.agentur-kerstin.de\/de\/wp-json\/wp\/v2\/posts\/15891"}],"collection":[{"href":"https:\/\/www.agentur-kerstin.de\/de\/wp-json\/wp\/v2\/posts"}],"about":[{"href":"https:\/\/www.agentur-kerstin.de\/de\/wp-json\/wp\/v2\/types\/post"}],"author":[{"embeddable":true,"href":"https:\/\/www.agentur-kerstin.de\/de\/wp-json\/wp\/v2\/users\/76"}],"replies":[{"embeddable":true,"href":"https:\/\/www.agentur-kerstin.de\/de\/wp-json\/wp\/v2\/comments?post=15891"}],"version-history":[{"count":13,"href":"https:\/\/www.agentur-kerstin.de\/de\/wp-json\/wp\/v2\/posts\/15891\/revisions"}],"predecessor-version":[{"id":15911,"href":"https:\/\/www.agentur-kerstin.de\/de\/wp-json\/wp\/v2\/posts\/15891\/revisions\/15911"}],"wp:attachment":[{"href":"https:\/\/www.agentur-kerstin.de\/de\/wp-json\/wp\/v2\/media?parent=15891"}],"wp:term":[{"taxonomy":"category","embeddable":true,"href":"https:\/\/www.agentur-kerstin.de\/de\/wp-json\/wp\/v2\/categories?post=15891"},{"taxonomy":"post_tag","embeddable":true,"href":"https:\/\/www.agentur-kerstin.de\/de\/wp-json\/wp\/v2\/tags?post=15891"}],"curies":[{"name":"wp","href":"https:\/\/api.w.org\/{rel}","templated":true}]}}