{"id":15838,"date":"2023-10-06T07:11:19","date_gmt":"2023-10-06T05:11:19","guid":{"rendered":"https:\/\/www.agentur-kerstin.de\/?p=15838"},"modified":"2023-10-06T07:11:19","modified_gmt":"2023-10-06T05:11:19","slug":"stephanie-lexer-on-set-3","status":"publish","type":"post","link":"https:\/\/www.agentur-kerstin.de\/de\/2023\/10\/stephanie-lexer-on-set-3\/","title":{"rendered":"STEPHANIE LEXER &#8211; on set!"},"content":{"rendered":"<p>Sie \u00fcbernimmt hier die Rolle der Anni Simb\u00f6ck. Mehr wird aber klarerweise noch nicht zum Inhalt verraten&#8230; hierf\u00fcr m\u00fcsst ihr schon auf die Ausstrahlung warten und euch selbst ein Bild machen.<\/p>\n<p>Regie: <a href=\"https:\/\/www.crew-united.com\/de\/Werner-Siebert_31.html\" target=\"_blank\" rel=\"noopener noreferrer\">Werner Siebert<\/a><\/p>\n<p>Produktion: <a href=\"https:\/\/www.crew-united.com\/de\/Bavaria-Fiction-GmbH_106837.html\" target=\"_blank\" rel=\"noopener noreferrer\">Bavaria Fiction GmbH <\/a>| <a href=\"https:\/\/www.zdf.de\/serien\/die-rosenheim-cops\" target=\"_blank\" rel=\"noopener noreferrer\">ZDF<\/a><\/p>\n<p>Casting:<a href=\"https:\/\/gwendolyn-clayton-casting.de\/\" target=\"_blank\" rel=\"noopener noreferrer\"> Gwendolyn Clayton<\/a><\/p>\n<p>&nbsp;<\/p>","protected":false},"excerpt":{"rendered":"<p>Sie \u00fcbernimmt hier die Rolle der Anni Simb\u00f6ck. Mehr wird aber klarerweise noch nicht zum Inhalt verraten&#8230; hierf\u00fcr m\u00fcsst ihr schon auf die Ausstrahlung warten und euch selbst ein Bild machen. Regie: Werner Siebert Produktion: Bavaria Fiction GmbH | ZDF Casting: Gwendolyn Clayton &nbsp;<\/p>\n","protected":false},"author":76,"featured_media":0,"comment_status":"closed","ping_status":"closed","sticky":false,"template":"","format":"standard","meta":{"_acf_changed":false,"footnotes":""},"categories":[1],"tags":[],"class_list":["post-15838","post","type-post","status-publish","format-standard","hentry","category-news"],"acf":[],"_links":{"self":[{"href":"https:\/\/www.agentur-kerstin.de\/de\/wp-json\/wp\/v2\/posts\/15838"}],"collection":[{"href":"https:\/\/www.agentur-kerstin.de\/de\/wp-json\/wp\/v2\/posts"}],"about":[{"href":"https:\/\/www.agentur-kerstin.de\/de\/wp-json\/wp\/v2\/types\/post"}],"author":[{"embeddable":true,"href":"https:\/\/www.agentur-kerstin.de\/de\/wp-json\/wp\/v2\/users\/76"}],"replies":[{"embeddable":true,"href":"https:\/\/www.agentur-kerstin.de\/de\/wp-json\/wp\/v2\/comments?post=15838"}],"version-history":[{"count":11,"href":"https:\/\/www.agentur-kerstin.de\/de\/wp-json\/wp\/v2\/posts\/15838\/revisions"}],"predecessor-version":[{"id":15849,"href":"https:\/\/www.agentur-kerstin.de\/de\/wp-json\/wp\/v2\/posts\/15838\/revisions\/15849"}],"wp:attachment":[{"href":"https:\/\/www.agentur-kerstin.de\/de\/wp-json\/wp\/v2\/media?parent=15838"}],"wp:term":[{"taxonomy":"category","embeddable":true,"href":"https:\/\/www.agentur-kerstin.de\/de\/wp-json\/wp\/v2\/categories?post=15838"},{"taxonomy":"post_tag","embeddable":true,"href":"https:\/\/www.agentur-kerstin.de\/de\/wp-json\/wp\/v2\/tags?post=15838"}],"curies":[{"name":"wp","href":"https:\/\/api.w.org\/{rel}","templated":true}]}}