{"id":15319,"date":"2023-06-23T09:15:16","date_gmt":"2023-06-23T07:15:16","guid":{"rendered":"https:\/\/www.agentur-kerstin.de\/?p=15319"},"modified":"2023-06-23T09:15:16","modified_gmt":"2023-06-23T07:15:16","slug":"noureddine-friedrich-chamari-ffmuc","status":"publish","type":"post","link":"https:\/\/www.agentur-kerstin.de\/de\/2023\/06\/noureddine-friedrich-chamari-ffmuc\/","title":{"rendered":"NOUREDDINE FRIEDRICH CHAMARI @ FFMUC"},"content":{"rendered":"<p>BLACK BOX feiert n\u00e4mlich am kommenden Samstag, also schon morgen, seine Premiere!<\/p>\n<p>Also beeilt euch, und ergattert noch ein Ticket f\u00fcr die Festivalpremiere! Cast &amp; Crew werden teils ebenfalls anwesend sein!<\/p>\n<p>Regie: <a class=\"\" href=\"https:\/\/www.crew-united.com\/de\/Asli-Oezge_19600.html\" target=\"_blank\" rel=\"noopener noreferrer\">Asli \u00d6zge<\/a><\/p>\n<p>Produktion: <a class=\"\" href=\"https:\/\/www.crew-united.com\/de\/Gilles-Mann-Filmproduktion-de_10462.html\" target=\"_blank\" rel=\"noopener noreferrer\">Gilles Mann Filmproduktion |<\/a> <span class=\"cu-ui-utility-member-name\"><a class=\"\" href=\"https:\/\/www.crew-united.com\/de\/Les-Films-du-Fleuve-be_56218.html\" target=\"_blank\" rel=\"noopener noreferrer\">Les Films du Fleuve [be] |<\/a><\/span> <span class=\"opt-state-premium js-cu-flyout-card cu-ui-utility-member-name\" data-flyout-card-url=\"\/de\/card\/flyoutMember.asp?id=5481\" aria-describedby=\"ui-tooltip-0\"><a class=\"\" href=\"https:\/\/www.crew-united.com\/de\/Zeitsprung-Pictures-GmbH-formerly-Zeitsprung-Entertainment-GmbH_5481.html\" target=\"_blank\" rel=\"noopener noreferrer\">Zeitsprung Pictures GmbH (formerly Zeitsprung Entertainment GmbH)<\/a><\/span><span class=\"\">| <\/span><span class=\"cu-ui-utility-member-name\"><a class=\"\" href=\"https:\/\/www.crew-united.com\/de\/ZDF-Zweites-Deutsches-Fernsehen-de_4818.html\" target=\"_blank\" rel=\"noopener noreferrer\">ZDF &#8211; Zweites Deutsches Fernsehen [de]<\/a><\/span><\/p>\n<p>Casting: <span class=\"cu-ui-utility-member-name opt-state-premium js-cu-flyout-card\" data-flyout-card-url=\"\/de\/card\/flyoutMember.asp?id=49817\" aria-describedby=\"ui-tooltip-16\"><a class=\"\" href=\"https:\/\/www.crew-united.com\/de\/Kristin-Diehle_49817.html\">Kristin Diehle<\/a><\/span><\/p>\n<p>Weitere Informationen zum Film oder zu Screenings von BLACK BOX auf dem FFMUC:<\/p>\n<p><a href=\"https:\/\/www.filmfest-muenchen.de\/de\/programm\/filme\/film\/?id=7266&amp;f=116\" target=\"_blank\" rel=\"noopener noreferrer\">Link zu mehr Infos<\/a><\/p>\n<p>&nbsp;<\/p>","protected":false},"excerpt":{"rendered":"<p>BLACK BOX feiert n\u00e4mlich am kommenden Samstag, also schon morgen, seine Premiere! Also beeilt euch, und ergattert noch ein Ticket f\u00fcr die Festivalpremiere! Cast &amp; Crew werden teils ebenfalls anwesend sein! Regie: Asli \u00d6zge Produktion: Gilles Mann Filmproduktion | Les Films du Fleuve [be] | Zeitsprung Pictures GmbH (formerly Zeitsprung Entertainment GmbH)| ZDF &#8211; Zweites [&hellip;]<\/p>\n","protected":false},"author":76,"featured_media":13449,"comment_status":"closed","ping_status":"closed","sticky":false,"template":"","format":"standard","meta":{"_acf_changed":false,"footnotes":""},"categories":[1],"tags":[],"class_list":["post-15319","post","type-post","status-publish","format-standard","has-post-thumbnail","hentry","category-news"],"acf":[],"_links":{"self":[{"href":"https:\/\/www.agentur-kerstin.de\/de\/wp-json\/wp\/v2\/posts\/15319"}],"collection":[{"href":"https:\/\/www.agentur-kerstin.de\/de\/wp-json\/wp\/v2\/posts"}],"about":[{"href":"https:\/\/www.agentur-kerstin.de\/de\/wp-json\/wp\/v2\/types\/post"}],"author":[{"embeddable":true,"href":"https:\/\/www.agentur-kerstin.de\/de\/wp-json\/wp\/v2\/users\/76"}],"replies":[{"embeddable":true,"href":"https:\/\/www.agentur-kerstin.de\/de\/wp-json\/wp\/v2\/comments?post=15319"}],"version-history":[{"count":4,"href":"https:\/\/www.agentur-kerstin.de\/de\/wp-json\/wp\/v2\/posts\/15319\/revisions"}],"predecessor-version":[{"id":15323,"href":"https:\/\/www.agentur-kerstin.de\/de\/wp-json\/wp\/v2\/posts\/15319\/revisions\/15323"}],"wp:featuredmedia":[{"embeddable":true,"href":"https:\/\/www.agentur-kerstin.de\/de\/wp-json\/wp\/v2\/media\/13449"}],"wp:attachment":[{"href":"https:\/\/www.agentur-kerstin.de\/de\/wp-json\/wp\/v2\/media?parent=15319"}],"wp:term":[{"taxonomy":"category","embeddable":true,"href":"https:\/\/www.agentur-kerstin.de\/de\/wp-json\/wp\/v2\/categories?post=15319"},{"taxonomy":"post_tag","embeddable":true,"href":"https:\/\/www.agentur-kerstin.de\/de\/wp-json\/wp\/v2\/tags?post=15319"}],"curies":[{"name":"wp","href":"https:\/\/api.w.org\/{rel}","templated":true}]}}