{"id":10824,"date":"2020-12-17T10:59:14","date_gmt":"2020-12-17T09:59:14","guid":{"rendered":"https:\/\/www.agentur-kerstin.de\/?p=10824"},"modified":"2020-12-17T11:42:26","modified_gmt":"2020-12-17T10:42:26","slug":"viola-neumann-in-truebe-wolken","status":"publish","type":"post","link":"https:\/\/www.agentur-kerstin.de\/de\/2020\/12\/viola-neumann-in-truebe-wolken\/","title":{"rendered":"VIOLA NEUMANN in TR\u00dcBE WOLKEN"},"content":{"rendered":"<p>Gro\u00dfe Freude! &#8222;Tr\u00fcbe Wolken&#8220;, mit unserer gro\u00dfartigen Viola Neumann als Frau H\u00fcller, wurde zum Spielfilm-Wettbewerb des <a href=\"https:\/\/ffmop.de\/film_detail\/movie-5fd210e9e7ae3\" rel=\"noopener noreferrer\" target=\"_blank\">42. Filmfestival Max Oph\u00fcls Preis<\/a> eingeladen und wird dort seine Premiere feiern.<\/p>\n<p>Regie: Christian Sch\u00e4fer<br \/>\nProduktion: <a href=\"https:\/\/www.rabiatfilm-produktion.de\" rel=\"noopener noreferrer\" target=\"_blank\">Rabiatfilm<\/a><br \/>\nBesetzung: Dayanir &#038; Hellwig Casting<\/p>","protected":false},"excerpt":{"rendered":"<p>Gro\u00dfe Freude! &#8222;Tr\u00fcbe Wolken&#8220;, mit unserer gro\u00dfartigen Viola Neumann als Frau H\u00fcller, wurde zum Spielfilm-Wettbewerb des 42. Filmfestival Max Oph\u00fcls Preis eingeladen und wird dort seine Premiere feiern. Regie: Christian Sch\u00e4fer Produktion: Rabiatfilm Besetzung: Dayanir &#038; Hellwig Casting<\/p>\n","protected":false},"author":4,"featured_media":10823,"comment_status":"closed","ping_status":"closed","sticky":false,"template":"","format":"standard","meta":{"_acf_changed":false,"footnotes":""},"categories":[1],"tags":[],"class_list":["post-10824","post","type-post","status-publish","format-standard","has-post-thumbnail","hentry","category-news"],"acf":[],"_links":{"self":[{"href":"https:\/\/www.agentur-kerstin.de\/de\/wp-json\/wp\/v2\/posts\/10824"}],"collection":[{"href":"https:\/\/www.agentur-kerstin.de\/de\/wp-json\/wp\/v2\/posts"}],"about":[{"href":"https:\/\/www.agentur-kerstin.de\/de\/wp-json\/wp\/v2\/types\/post"}],"author":[{"embeddable":true,"href":"https:\/\/www.agentur-kerstin.de\/de\/wp-json\/wp\/v2\/users\/4"}],"replies":[{"embeddable":true,"href":"https:\/\/www.agentur-kerstin.de\/de\/wp-json\/wp\/v2\/comments?post=10824"}],"version-history":[{"count":14,"href":"https:\/\/www.agentur-kerstin.de\/de\/wp-json\/wp\/v2\/posts\/10824\/revisions"}],"predecessor-version":[{"id":10838,"href":"https:\/\/www.agentur-kerstin.de\/de\/wp-json\/wp\/v2\/posts\/10824\/revisions\/10838"}],"wp:featuredmedia":[{"embeddable":true,"href":"https:\/\/www.agentur-kerstin.de\/de\/wp-json\/wp\/v2\/media\/10823"}],"wp:attachment":[{"href":"https:\/\/www.agentur-kerstin.de\/de\/wp-json\/wp\/v2\/media?parent=10824"}],"wp:term":[{"taxonomy":"category","embeddable":true,"href":"https:\/\/www.agentur-kerstin.de\/de\/wp-json\/wp\/v2\/categories?post=10824"},{"taxonomy":"post_tag","embeddable":true,"href":"https:\/\/www.agentur-kerstin.de\/de\/wp-json\/wp\/v2\/tags?post=10824"}],"curies":[{"name":"wp","href":"https:\/\/api.w.org\/{rel}","templated":true}]}}